{"id":2233,"date":"2024-01-14T13:21:36","date_gmt":"2024-01-14T12:21:36","guid":{"rendered":"https:\/\/www.legilaboris.cat\/sheila-guirado-i-sandra-palazon-sincorporen-com-a-socies-de-legi-laboris\/"},"modified":"2025-03-27T11:14:24","modified_gmt":"2025-03-27T10:14:24","slug":"sheila-guirado-i-sandra-palazon-sincorporen-com-a-socies-de-legi-laboris","status":"publish","type":"post","link":"https:\/\/www.legilaboris.cat\/ca\/sheila-guirado-i-sandra-palazon-sincorporen-com-a-socies-de-legi-laboris\/","title":{"rendered":"Sheila Guirado s\u2019incorpora com a s\u00f2cia de Legi Laboris"},"content":{"rendered":"\n<p>Legi Laboris, en el seu objectiu de creixement i de continuar sumant talent, ha anunciat que a partir de l\u2019exercici 2024, l\u2019advocada Sheila Guirado, despr\u00e9s de gaireb\u00e9 tres anys de relacions professionals, s\u2019incorporar\u00e0 al despatx com a s\u00f2cia on continuar\u00e0 desenvolupant les tasques de Responsable del Departament Jur\u00eddic y Laboral. Amb aquesta incorporaci\u00f3, el despatx continua refor\u00e7ant la igualtat de g\u00e8nere i fomenta el talent femen\u00ed en la gesti\u00f3 dels seus \u00f2rgans de decisi\u00f3.<\/p>\n\n<p><\/p>\n","protected":false},"excerpt":{"rendered":"<p>Legi Laboris, en el seu objectiu de creixement i de continuar sumant talent, ha anunciat que a partir de l\u2019exercici 2024, l\u2019advocada Sheila Guirado, despr\u00e9s de gaireb\u00e9 tres anys de relacions professionals, s\u2019incorporar\u00e0 al despatx com a s\u00f2cia on continuar\u00e0 desenvolupant les tasques de Responsable del Departament Jur\u00eddic y Laboral. Amb aquesta incorporaci\u00f3, el despatx continua refor\u00e7ant la igualtat de g\u00e8nere i fomenta el talent femen\u00ed en la gesti\u00f3 dels seus \u00f2rgans de decisi\u00f3.<\/p>\n","protected":false},"author":2,"featured_media":2776,"comment_status":"closed","ping_status":"open","sticky":false,"template":"","format":"standard","meta":{"_acf_changed":false,"footnotes":""},"categories":[22],"tags":[],"class_list":["post-2233","post","type-post","status-publish","format-standard","has-post-thumbnail","hentry","category-noticies"],"acf":[],"yoast_head":"<!-- This site is optimized with the Yoast SEO plugin v27.4 - https:\/\/yoast.com\/product\/yoast-seo-wordpress\/ -->\n<title>Sheila Guirado s\u2019incorpora com a s\u00f2cia de Legi Laboris - LEGI LABORIS ADVOCATS<\/title>\n<meta name=\"robots\" content=\"index, follow, max-snippet:-1, max-image-preview:large, max-video-preview:-1\" \/>\n<link rel=\"canonical\" href=\"https:\/\/www.legilaboris.cat\/ca\/sheila-guirado-i-sandra-palazon-sincorporen-com-a-socies-de-legi-laboris\/\" \/>\n<meta property=\"og:locale\" content=\"ca_ES\" \/>\n<meta property=\"og:type\" content=\"article\" \/>\n<meta property=\"og:title\" content=\"Sheila Guirado s\u2019incorpora com a s\u00f2cia de Legi Laboris - LEGI LABORIS ADVOCATS\" \/>\n<meta property=\"og:description\" content=\"Legi Laboris, en el seu objectiu de creixement i de continuar sumant talent, ha anunciat que a partir de l\u2019exercici 2024, l\u2019advocada Sheila Guirado, despr\u00e9s de gaireb\u00e9 tres anys de relacions professionals, s\u2019incorporar\u00e0 al despatx com a s\u00f2cia on continuar\u00e0 desenvolupant les tasques de Responsable del Departament Jur\u00eddic y Laboral. Amb aquesta incorporaci\u00f3, el despatx continua refor\u00e7ant la igualtat de g\u00e8nere i fomenta el talent femen\u00ed en la gesti\u00f3 dels seus \u00f2rgans de decisi\u00f3.\" \/>\n<meta property=\"og:url\" content=\"https:\/\/www.legilaboris.cat\/ca\/sheila-guirado-i-sandra-palazon-sincorporen-com-a-socies-de-legi-laboris\/\" \/>\n<meta property=\"og:site_name\" content=\"LEGI LABORIS ADVOCATS\" \/>\n<meta property=\"article:published_time\" content=\"2024-01-14T12:21:36+00:00\" \/>\n<meta property=\"article:modified_time\" content=\"2025-03-27T10:14:24+00:00\" \/>\n<meta property=\"og:image\" content=\"https:\/\/www.legilaboris.cat\/wp-content\/uploads\/2024\/01\/legi-laboris-advocats-sheila-guirado-socia.jpg\" \/>\n\t<meta property=\"og:image:width\" content=\"1000\" \/>\n\t<meta property=\"og:image:height\" content=\"610\" \/>\n\t<meta property=\"og:image:type\" content=\"image\/jpeg\" \/>\n<meta name=\"author\" content=\"Marc\" \/>\n<meta name=\"twitter:card\" content=\"summary_large_image\" \/>\n<meta name=\"twitter:creator\" content=\"@legilab_admin\" \/>\n<script type=\"application\/ld+json\" class=\"yoast-schema-graph\">{\"@context\":\"https:\\\/\\\/schema.org\",\"@graph\":[{\"@type\":\"Article\",\"@id\":\"https:\\\/\\\/www.legilaboris.cat\\\/ca\\\/sheila-guirado-i-sandra-palazon-sincorporen-com-a-socies-de-legi-laboris\\\/#article\",\"isPartOf\":{\"@id\":\"https:\\\/\\\/www.legilaboris.cat\\\/ca\\\/sheila-guirado-i-sandra-palazon-sincorporen-com-a-socies-de-legi-laboris\\\/\"},\"author\":{\"name\":\"Marc\",\"@id\":\"https:\\\/\\\/www.legilaboris.cat\\\/ca\\\/#\\\/schema\\\/person\\\/29494601e443f6ade119889c0b481c3b\"},\"headline\":\"Sheila Guirado s\u2019incorpora com a s\u00f2cia de Legi Laboris\",\"datePublished\":\"2024-01-14T12:21:36+00:00\",\"dateModified\":\"2025-03-27T10:14:24+00:00\",\"mainEntityOfPage\":{\"@id\":\"https:\\\/\\\/www.legilaboris.cat\\\/ca\\\/sheila-guirado-i-sandra-palazon-sincorporen-com-a-socies-de-legi-laboris\\\/\"},\"wordCount\":92,\"image\":{\"@id\":\"https:\\\/\\\/www.legilaboris.cat\\\/ca\\\/sheila-guirado-i-sandra-palazon-sincorporen-com-a-socies-de-legi-laboris\\\/#primaryimage\"},\"thumbnailUrl\":\"https:\\\/\\\/www.legilaboris.cat\\\/wp-content\\\/uploads\\\/2024\\\/01\\\/legi-laboris-advocats-sheila-guirado-socia.jpg\",\"articleSection\":[\"Not\u00ed\u00adcies\"],\"inLanguage\":\"ca\"},{\"@type\":\"WebPage\",\"@id\":\"https:\\\/\\\/www.legilaboris.cat\\\/ca\\\/sheila-guirado-i-sandra-palazon-sincorporen-com-a-socies-de-legi-laboris\\\/\",\"url\":\"https:\\\/\\\/www.legilaboris.cat\\\/ca\\\/sheila-guirado-i-sandra-palazon-sincorporen-com-a-socies-de-legi-laboris\\\/\",\"name\":\"Sheila Guirado s\u2019incorpora com a s\u00f2cia de Legi Laboris - LEGI LABORIS ADVOCATS\",\"isPartOf\":{\"@id\":\"https:\\\/\\\/www.legilaboris.cat\\\/ca\\\/#website\"},\"primaryImageOfPage\":{\"@id\":\"https:\\\/\\\/www.legilaboris.cat\\\/ca\\\/sheila-guirado-i-sandra-palazon-sincorporen-com-a-socies-de-legi-laboris\\\/#primaryimage\"},\"image\":{\"@id\":\"https:\\\/\\\/www.legilaboris.cat\\\/ca\\\/sheila-guirado-i-sandra-palazon-sincorporen-com-a-socies-de-legi-laboris\\\/#primaryimage\"},\"thumbnailUrl\":\"https:\\\/\\\/www.legilaboris.cat\\\/wp-content\\\/uploads\\\/2024\\\/01\\\/legi-laboris-advocats-sheila-guirado-socia.jpg\",\"datePublished\":\"2024-01-14T12:21:36+00:00\",\"dateModified\":\"2025-03-27T10:14:24+00:00\",\"author\":{\"@id\":\"https:\\\/\\\/www.legilaboris.cat\\\/ca\\\/#\\\/schema\\\/person\\\/29494601e443f6ade119889c0b481c3b\"},\"breadcrumb\":{\"@id\":\"https:\\\/\\\/www.legilaboris.cat\\\/ca\\\/sheila-guirado-i-sandra-palazon-sincorporen-com-a-socies-de-legi-laboris\\\/#breadcrumb\"},\"inLanguage\":\"ca\",\"potentialAction\":[{\"@type\":\"ReadAction\",\"target\":[\"https:\\\/\\\/www.legilaboris.cat\\\/ca\\\/sheila-guirado-i-sandra-palazon-sincorporen-com-a-socies-de-legi-laboris\\\/\"]}]},{\"@type\":\"ImageObject\",\"inLanguage\":\"ca\",\"@id\":\"https:\\\/\\\/www.legilaboris.cat\\\/ca\\\/sheila-guirado-i-sandra-palazon-sincorporen-com-a-socies-de-legi-laboris\\\/#primaryimage\",\"url\":\"https:\\\/\\\/www.legilaboris.cat\\\/wp-content\\\/uploads\\\/2024\\\/01\\\/legi-laboris-advocats-sheila-guirado-socia.jpg\",\"contentUrl\":\"https:\\\/\\\/www.legilaboris.cat\\\/wp-content\\\/uploads\\\/2024\\\/01\\\/legi-laboris-advocats-sheila-guirado-socia.jpg\",\"width\":1000,\"height\":610},{\"@type\":\"BreadcrumbList\",\"@id\":\"https:\\\/\\\/www.legilaboris.cat\\\/ca\\\/sheila-guirado-i-sandra-palazon-sincorporen-com-a-socies-de-legi-laboris\\\/#breadcrumb\",\"itemListElement\":[{\"@type\":\"ListItem\",\"position\":1,\"name\":\"Portada\",\"item\":\"https:\\\/\\\/www.legilaboris.cat\\\/ca\\\/\"},{\"@type\":\"ListItem\",\"position\":2,\"name\":\"Sheila Guirado s\u2019incorpora com a s\u00f2cia de Legi Laboris\"}]},{\"@type\":\"WebSite\",\"@id\":\"https:\\\/\\\/www.legilaboris.cat\\\/ca\\\/#website\",\"url\":\"https:\\\/\\\/www.legilaboris.cat\\\/ca\\\/\",\"name\":\"LEGI LABORIS ADVOCATS\",\"description\":\"Abogados especialistas en derecho laboral y seguridad social\",\"potentialAction\":[{\"@type\":\"SearchAction\",\"target\":{\"@type\":\"EntryPoint\",\"urlTemplate\":\"https:\\\/\\\/www.legilaboris.cat\\\/ca\\\/?s={search_term_string}\"},\"query-input\":{\"@type\":\"PropertyValueSpecification\",\"valueRequired\":true,\"valueName\":\"search_term_string\"}}],\"inLanguage\":\"ca\"},{\"@type\":\"Person\",\"@id\":\"https:\\\/\\\/www.legilaboris.cat\\\/ca\\\/#\\\/schema\\\/person\\\/29494601e443f6ade119889c0b481c3b\",\"name\":\"Marc\",\"image\":{\"@type\":\"ImageObject\",\"inLanguage\":\"ca\",\"@id\":\"https:\\\/\\\/secure.gravatar.com\\\/avatar\\\/fef11797106eebd87e55608f592d000015e317c0deacc10f31cddfda0f3b1640?s=96&d=mm&r=g\",\"url\":\"https:\\\/\\\/secure.gravatar.com\\\/avatar\\\/fef11797106eebd87e55608f592d000015e317c0deacc10f31cddfda0f3b1640?s=96&d=mm&r=g\",\"contentUrl\":\"https:\\\/\\\/secure.gravatar.com\\\/avatar\\\/fef11797106eebd87e55608f592d000015e317c0deacc10f31cddfda0f3b1640?s=96&d=mm&r=g\",\"caption\":\"Marc\"},\"sameAs\":[\"https:\\\/\\\/x.com\\\/legilab_admin\"],\"url\":\"https:\\\/\\\/www.legilaboris.cat\\\/ca\\\/author\\\/marc_ps\\\/\"}]}<\/script>\n<!-- \/ Yoast SEO plugin. -->","yoast_head_json":{"title":"Sheila Guirado s\u2019incorpora com a s\u00f2cia de Legi Laboris - LEGI LABORIS ADVOCATS","robots":{"index":"index","follow":"follow","max-snippet":"max-snippet:-1","max-image-preview":"max-image-preview:large","max-video-preview":"max-video-preview:-1"},"canonical":"https:\/\/www.legilaboris.cat\/ca\/sheila-guirado-i-sandra-palazon-sincorporen-com-a-socies-de-legi-laboris\/","og_locale":"ca_ES","og_type":"article","og_title":"Sheila Guirado s\u2019incorpora com a s\u00f2cia de Legi Laboris - LEGI LABORIS ADVOCATS","og_description":"Legi Laboris, en el seu objectiu de creixement i de continuar sumant talent, ha anunciat que a partir de l\u2019exercici 2024, l\u2019advocada Sheila Guirado, despr\u00e9s de gaireb\u00e9 tres anys de relacions professionals, s\u2019incorporar\u00e0 al despatx com a s\u00f2cia on continuar\u00e0 desenvolupant les tasques de Responsable del Departament Jur\u00eddic y Laboral. Amb aquesta incorporaci\u00f3, el despatx continua refor\u00e7ant la igualtat de g\u00e8nere i fomenta el talent femen\u00ed en la gesti\u00f3 dels seus \u00f2rgans de decisi\u00f3.","og_url":"https:\/\/www.legilaboris.cat\/ca\/sheila-guirado-i-sandra-palazon-sincorporen-com-a-socies-de-legi-laboris\/","og_site_name":"LEGI LABORIS ADVOCATS","article_published_time":"2024-01-14T12:21:36+00:00","article_modified_time":"2025-03-27T10:14:24+00:00","og_image":[{"width":1000,"height":610,"url":"https:\/\/www.legilaboris.cat\/wp-content\/uploads\/2024\/01\/legi-laboris-advocats-sheila-guirado-socia.jpg","type":"image\/jpeg"}],"author":"Marc","twitter_card":"summary_large_image","twitter_creator":"@legilab_admin","schema":{"@context":"https:\/\/schema.org","@graph":[{"@type":"Article","@id":"https:\/\/www.legilaboris.cat\/ca\/sheila-guirado-i-sandra-palazon-sincorporen-com-a-socies-de-legi-laboris\/#article","isPartOf":{"@id":"https:\/\/www.legilaboris.cat\/ca\/sheila-guirado-i-sandra-palazon-sincorporen-com-a-socies-de-legi-laboris\/"},"author":{"name":"Marc","@id":"https:\/\/www.legilaboris.cat\/ca\/#\/schema\/person\/29494601e443f6ade119889c0b481c3b"},"headline":"Sheila Guirado s\u2019incorpora com a s\u00f2cia de Legi Laboris","datePublished":"2024-01-14T12:21:36+00:00","dateModified":"2025-03-27T10:14:24+00:00","mainEntityOfPage":{"@id":"https:\/\/www.legilaboris.cat\/ca\/sheila-guirado-i-sandra-palazon-sincorporen-com-a-socies-de-legi-laboris\/"},"wordCount":92,"image":{"@id":"https:\/\/www.legilaboris.cat\/ca\/sheila-guirado-i-sandra-palazon-sincorporen-com-a-socies-de-legi-laboris\/#primaryimage"},"thumbnailUrl":"https:\/\/www.legilaboris.cat\/wp-content\/uploads\/2024\/01\/legi-laboris-advocats-sheila-guirado-socia.jpg","articleSection":["Not\u00ed\u00adcies"],"inLanguage":"ca"},{"@type":"WebPage","@id":"https:\/\/www.legilaboris.cat\/ca\/sheila-guirado-i-sandra-palazon-sincorporen-com-a-socies-de-legi-laboris\/","url":"https:\/\/www.legilaboris.cat\/ca\/sheila-guirado-i-sandra-palazon-sincorporen-com-a-socies-de-legi-laboris\/","name":"Sheila Guirado s\u2019incorpora com a s\u00f2cia de Legi Laboris - LEGI LABORIS ADVOCATS","isPartOf":{"@id":"https:\/\/www.legilaboris.cat\/ca\/#website"},"primaryImageOfPage":{"@id":"https:\/\/www.legilaboris.cat\/ca\/sheila-guirado-i-sandra-palazon-sincorporen-com-a-socies-de-legi-laboris\/#primaryimage"},"image":{"@id":"https:\/\/www.legilaboris.cat\/ca\/sheila-guirado-i-sandra-palazon-sincorporen-com-a-socies-de-legi-laboris\/#primaryimage"},"thumbnailUrl":"https:\/\/www.legilaboris.cat\/wp-content\/uploads\/2024\/01\/legi-laboris-advocats-sheila-guirado-socia.jpg","datePublished":"2024-01-14T12:21:36+00:00","dateModified":"2025-03-27T10:14:24+00:00","author":{"@id":"https:\/\/www.legilaboris.cat\/ca\/#\/schema\/person\/29494601e443f6ade119889c0b481c3b"},"breadcrumb":{"@id":"https:\/\/www.legilaboris.cat\/ca\/sheila-guirado-i-sandra-palazon-sincorporen-com-a-socies-de-legi-laboris\/#breadcrumb"},"inLanguage":"ca","potentialAction":[{"@type":"ReadAction","target":["https:\/\/www.legilaboris.cat\/ca\/sheila-guirado-i-sandra-palazon-sincorporen-com-a-socies-de-legi-laboris\/"]}]},{"@type":"ImageObject","inLanguage":"ca","@id":"https:\/\/www.legilaboris.cat\/ca\/sheila-guirado-i-sandra-palazon-sincorporen-com-a-socies-de-legi-laboris\/#primaryimage","url":"https:\/\/www.legilaboris.cat\/wp-content\/uploads\/2024\/01\/legi-laboris-advocats-sheila-guirado-socia.jpg","contentUrl":"https:\/\/www.legilaboris.cat\/wp-content\/uploads\/2024\/01\/legi-laboris-advocats-sheila-guirado-socia.jpg","width":1000,"height":610},{"@type":"BreadcrumbList","@id":"https:\/\/www.legilaboris.cat\/ca\/sheila-guirado-i-sandra-palazon-sincorporen-com-a-socies-de-legi-laboris\/#breadcrumb","itemListElement":[{"@type":"ListItem","position":1,"name":"Portada","item":"https:\/\/www.legilaboris.cat\/ca\/"},{"@type":"ListItem","position":2,"name":"Sheila Guirado s\u2019incorpora com a s\u00f2cia de Legi Laboris"}]},{"@type":"WebSite","@id":"https:\/\/www.legilaboris.cat\/ca\/#website","url":"https:\/\/www.legilaboris.cat\/ca\/","name":"LEGI LABORIS ADVOCATS","description":"Abogados especialistas en derecho laboral y seguridad social","potentialAction":[{"@type":"SearchAction","target":{"@type":"EntryPoint","urlTemplate":"https:\/\/www.legilaboris.cat\/ca\/?s={search_term_string}"},"query-input":{"@type":"PropertyValueSpecification","valueRequired":true,"valueName":"search_term_string"}}],"inLanguage":"ca"},{"@type":"Person","@id":"https:\/\/www.legilaboris.cat\/ca\/#\/schema\/person\/29494601e443f6ade119889c0b481c3b","name":"Marc","image":{"@type":"ImageObject","inLanguage":"ca","@id":"https:\/\/secure.gravatar.com\/avatar\/fef11797106eebd87e55608f592d000015e317c0deacc10f31cddfda0f3b1640?s=96&d=mm&r=g","url":"https:\/\/secure.gravatar.com\/avatar\/fef11797106eebd87e55608f592d000015e317c0deacc10f31cddfda0f3b1640?s=96&d=mm&r=g","contentUrl":"https:\/\/secure.gravatar.com\/avatar\/fef11797106eebd87e55608f592d000015e317c0deacc10f31cddfda0f3b1640?s=96&d=mm&r=g","caption":"Marc"},"sameAs":["https:\/\/x.com\/legilab_admin"],"url":"https:\/\/www.legilaboris.cat\/ca\/author\/marc_ps\/"}]}},"_links":{"self":[{"href":"https:\/\/www.legilaboris.cat\/ca\/wp-json\/wp\/v2\/posts\/2233","targetHints":{"allow":["GET"]}}],"collection":[{"href":"https:\/\/www.legilaboris.cat\/ca\/wp-json\/wp\/v2\/posts"}],"about":[{"href":"https:\/\/www.legilaboris.cat\/ca\/wp-json\/wp\/v2\/types\/post"}],"author":[{"embeddable":true,"href":"https:\/\/www.legilaboris.cat\/ca\/wp-json\/wp\/v2\/users\/2"}],"replies":[{"embeddable":true,"href":"https:\/\/www.legilaboris.cat\/ca\/wp-json\/wp\/v2\/comments?post=2233"}],"version-history":[{"count":5,"href":"https:\/\/www.legilaboris.cat\/ca\/wp-json\/wp\/v2\/posts\/2233\/revisions"}],"predecessor-version":[{"id":2770,"href":"https:\/\/www.legilaboris.cat\/ca\/wp-json\/wp\/v2\/posts\/2233\/revisions\/2770"}],"wp:featuredmedia":[{"embeddable":true,"href":"https:\/\/www.legilaboris.cat\/ca\/wp-json\/wp\/v2\/media\/2776"}],"wp:attachment":[{"href":"https:\/\/www.legilaboris.cat\/ca\/wp-json\/wp\/v2\/media?parent=2233"}],"wp:term":[{"taxonomy":"category","embeddable":true,"href":"https:\/\/www.legilaboris.cat\/ca\/wp-json\/wp\/v2\/categories?post=2233"},{"taxonomy":"post_tag","embeddable":true,"href":"https:\/\/www.legilaboris.cat\/ca\/wp-json\/wp\/v2\/tags?post=2233"}],"curies":[{"name":"wp","href":"https:\/\/api.w.org\/{rel}","templated":true}]}}