{"id":2870,"date":"2025-10-28T16:53:42","date_gmt":"2025-10-28T15:53:42","guid":{"rendered":"https:\/\/www.legilaboris.cat\/?p=2870"},"modified":"2025-10-30T09:28:18","modified_gmt":"2025-10-30T08:28:18","slug":"el-nostre-equip-en-la-xii-jornada-de-dret-del-treball","status":"publish","type":"post","link":"https:\/\/www.legilaboris.cat\/ca\/el-nostre-equip-en-la-xii-jornada-de-dret-del-treball\/","title":{"rendered":"El nostre equip, en la XII Jornada de Dret del Treball"},"content":{"rendered":"\t\t<div data-elementor-type=\"wp-post\" data-elementor-id=\"2870\" class=\"elementor elementor-2870 elementor-2869\" data-elementor-post-type=\"post\">\n\t\t\t\t<div class=\"elementor-element elementor-element-87008dc e-flex e-con-boxed e-con e-parent\" data-id=\"87008dc\" data-element_type=\"container\">\n\t\t\t\t\t<div class=\"e-con-inner\">\n\t\t\t\t<div class=\"elementor-element elementor-element-12ad51a1 elementor-widget elementor-widget-text-editor\" data-id=\"12ad51a1\" data-element_type=\"widget\" data-widget_type=\"text-editor.default\">\n\t\t\t\t<div class=\"elementor-widget-container\">\n\t\t\t\t\t\t\t\t\t<p style=\"text-align: center;\"><strong>El pr\u00f2xim dimarts, 11 de novembre, des de LEGI LABORIS ADVOCATS assistirem a la XII Jornada de Dret del Treball i de la Seguretat Social, titulada \u201cSalut i extinci\u00f3 del contracte de treball\u201d i organitzada pels Estudis de Dret i Ci\u00e8ncia Pol\u00edtica de la UOC.<\/strong><\/p>\n<p>L&#8217;esdeveniment, que tindr\u00e0 lloc al Campus de la Universitat Oberta de Catalunya (UOC), comptar\u00e0 amb destacats ponents de la judicatura, l&#8217;advocacia i la doc\u00e8ncia. Els temes que es tractaran estan relacionats amb la <strong>salut de les persones treballadores i les normatives al respecte<\/strong> que han entrat en vigor, o b\u00e9 s&#8217;han derogat des de 2020 fins avui.<\/p>\n<p>Seguint la din\u00e0mica <strong>d&#8217;actualitzaci\u00f3 i participaci\u00f3 social cont\u00ednua del nostre despatx<\/strong>, especialitzat en <a href=\"https:\/\/www.legilaboris.cat\/#areas\" target=\"_blank\" rel=\"noopener\">Dret Laboral i en la Seguretat Social<\/a>, acudirem a aquest interessant acte, un espai d&#8217;an\u00e0lisi, reflexi\u00f3 i debat sobre les q\u00fcestions que detallem a continuaci\u00f3.<\/p>\n<h2>Tem\u00e0tiques que afecten els nostres clients<\/h2>\n<p>En l&#8217;acte de la UOC s&#8217;analitzaran les repercussions de la <strong>no discriminaci\u00f3 en els acomiadaments<\/strong> (Llei 15\/2022) i de la fi de l&#8217;extinci\u00f3 autom\u00e0tica de contracte despr\u00e9s del reconeixement d&#8217;una <strong>incapacitat permanent<\/strong> (Llei 2\/2025). Aix\u00ed mateix, s&#8217;abordar\u00e0 l&#8217;augment de <strong>l&#8217;absentisme laboral<\/strong> i les noves estrat\u00e8gies per pal\u00b7liar-lo, tenint en compte la <a href=\"https:\/\/www.sepe.es\/HomeSepe\/es\/que-es-el-sepe\/comunicacion-institucional\/noticias\/detalle-noticia?folder=\/SEPE\/2020\/Febrero\/&amp;detail=derogacion-articulo-ET-despido-bajas-medicas-justificadas\" target=\"_blank\" rel=\"noopener\">derogaci\u00f3 de l&#8217;article 52.d de l&#8217;Estatut dels Treballadors<\/a> -que permetia l&#8217;acomiadament objectiu per <strong>faltes d&#8217;assist\u00e8ncia<\/strong> al treball-. En total, en la convocat\u00f2ria es presentaran tres pon\u00e8ncies que abordaran tots aquests aspectes.<\/p>\n<figure class=\"wp-block-gallery has-nested-images columns-2 is-cropped\">\n<figure class=\"wp-block-image size-full\"><a href=\"https:\/\/www.legilaboris.cat\/wp-content\/uploads\/2024\/12\/legi-laboris-nosotros-008.jpg\"><img fetchpriority=\"high\" decoding=\"async\" width=\"1900\" height=\"1126\" class=\"wp-image-2722\" src=\"https:\/\/www.legilaboris.cat\/wp-content\/uploads\/2024\/12\/legi-laboris-nosotros-008.jpg\" alt=\"abogados despidos sabadell\" srcset=\"https:\/\/www.legilaboris.cat\/wp-content\/uploads\/2024\/12\/legi-laboris-nosotros-008.jpg 1900w, https:\/\/www.legilaboris.cat\/wp-content\/uploads\/2024\/12\/legi-laboris-nosotros-008-300x178.jpg 300w, https:\/\/www.legilaboris.cat\/wp-content\/uploads\/2024\/12\/legi-laboris-nosotros-008-1024x607.jpg 1024w, https:\/\/www.legilaboris.cat\/wp-content\/uploads\/2024\/12\/legi-laboris-nosotros-008-768x455.jpg 768w, https:\/\/www.legilaboris.cat\/wp-content\/uploads\/2024\/12\/legi-laboris-nosotros-008-1536x910.jpg 1536w\" sizes=\"(max-width: 1900px) 100vw, 1900px\" \/><\/a><\/figure>\n<\/figure>\n\t\t\t\t\t\t\t\t<\/div>\n\t\t\t\t<\/div>\n\t\t\t\t\t<\/div>\n\t\t\t\t<\/div>\n\t\t\t\t<\/div>\n\t\t","protected":false},"excerpt":{"rendered":"<p>El pr\u00f2xim dimarts, 11 de novembre, des de LEGI LABORIS ADVOCATS assistirem a la XII Jornada de Dret del Treball i de la Seguretat Social, titulada \u201cSalut i extinci\u00f3 del contracte de treball\u201d i organitzada pels Estudis de Dret i Ci\u00e8ncia Pol\u00edtica de la UOC.<\/p>\n","protected":false},"author":2,"featured_media":2875,"comment_status":"closed","ping_status":"closed","sticky":false,"template":"","format":"standard","meta":{"_acf_changed":false,"footnotes":""},"categories":[22],"tags":[],"class_list":["post-2870","post","type-post","status-publish","format-standard","has-post-thumbnail","hentry","category-noticies"],"acf":[],"yoast_head":"<!-- This site is optimized with the Yoast SEO plugin v27.4 - https:\/\/yoast.com\/product\/yoast-seo-wordpress\/ -->\n<title>El nostre equip, en la XII Jornada de Dret del Treball - LEGI LABORIS ADVOCATS<\/title>\n<meta name=\"description\" content=\"Seguint la din\u00e0mica d&#039;actualitzaci\u00f3 cont\u00ednua del nostre despatx, acudirem a la nova Jornada de Dret del Treball de la UOC.\" \/>\n<meta name=\"robots\" content=\"index, follow, max-snippet:-1, max-image-preview:large, max-video-preview:-1\" \/>\n<link rel=\"canonical\" href=\"https:\/\/www.legilaboris.cat\/ca\/el-nostre-equip-en-la-xii-jornada-de-dret-del-treball\/\" \/>\n<meta property=\"og:locale\" content=\"ca_ES\" \/>\n<meta property=\"og:type\" content=\"article\" \/>\n<meta property=\"og:title\" content=\"El nostre equip, en la XII Jornada de Dret del Treball - LEGI LABORIS ADVOCATS\" \/>\n<meta property=\"og:description\" content=\"Seguint la din\u00e0mica d&#039;actualitzaci\u00f3 cont\u00ednua del nostre despatx, acudirem a la nova Jornada de Dret del Treball de la UOC.\" \/>\n<meta property=\"og:url\" content=\"https:\/\/www.legilaboris.cat\/ca\/el-nostre-equip-en-la-xii-jornada-de-dret-del-treball\/\" \/>\n<meta property=\"og:site_name\" content=\"LEGI LABORIS ADVOCATS\" \/>\n<meta property=\"article:published_time\" content=\"2025-10-28T15:53:42+00:00\" \/>\n<meta property=\"article:modified_time\" content=\"2025-10-30T08:28:18+00:00\" \/>\n<meta property=\"og:image\" content=\"https:\/\/www.legilaboris.cat\/wp-content\/uploads\/2025\/10\/xii-jornada-dret-del-treball_es-legi.webp\" \/>\n\t<meta property=\"og:image:width\" content=\"1200\" \/>\n\t<meta property=\"og:image:height\" content=\"675\" \/>\n\t<meta property=\"og:image:type\" content=\"image\/webp\" \/>\n<meta name=\"author\" content=\"Marc\" \/>\n<meta name=\"twitter:card\" content=\"summary_large_image\" \/>\n<meta name=\"twitter:creator\" content=\"@legilab_admin\" \/>\n<script type=\"application\/ld+json\" class=\"yoast-schema-graph\">{\"@context\":\"https:\\\/\\\/schema.org\",\"@graph\":[{\"@type\":\"Article\",\"@id\":\"https:\\\/\\\/www.legilaboris.cat\\\/ca\\\/el-nostre-equip-en-la-xii-jornada-de-dret-del-treball\\\/#article\",\"isPartOf\":{\"@id\":\"https:\\\/\\\/www.legilaboris.cat\\\/ca\\\/el-nostre-equip-en-la-xii-jornada-de-dret-del-treball\\\/\"},\"author\":{\"name\":\"Marc\",\"@id\":\"https:\\\/\\\/www.legilaboris.cat\\\/ca\\\/#\\\/schema\\\/person\\\/29494601e443f6ade119889c0b481c3b\"},\"headline\":\"El nostre equip, en la XII Jornada de Dret del Treball\",\"datePublished\":\"2025-10-28T15:53:42+00:00\",\"dateModified\":\"2025-10-30T08:28:18+00:00\",\"mainEntityOfPage\":{\"@id\":\"https:\\\/\\\/www.legilaboris.cat\\\/ca\\\/el-nostre-equip-en-la-xii-jornada-de-dret-del-treball\\\/\"},\"wordCount\":251,\"image\":{\"@id\":\"https:\\\/\\\/www.legilaboris.cat\\\/ca\\\/el-nostre-equip-en-la-xii-jornada-de-dret-del-treball\\\/#primaryimage\"},\"thumbnailUrl\":\"https:\\\/\\\/www.legilaboris.cat\\\/wp-content\\\/uploads\\\/2025\\\/10\\\/xii-jornada-dret-del-treball_es-legi.webp\",\"articleSection\":[\"Not\u00ed\u00adcies\"],\"inLanguage\":\"ca\"},{\"@type\":\"WebPage\",\"@id\":\"https:\\\/\\\/www.legilaboris.cat\\\/ca\\\/el-nostre-equip-en-la-xii-jornada-de-dret-del-treball\\\/\",\"url\":\"https:\\\/\\\/www.legilaboris.cat\\\/ca\\\/el-nostre-equip-en-la-xii-jornada-de-dret-del-treball\\\/\",\"name\":\"El nostre equip, en la XII Jornada de Dret del Treball - LEGI LABORIS ADVOCATS\",\"isPartOf\":{\"@id\":\"https:\\\/\\\/www.legilaboris.cat\\\/ca\\\/#website\"},\"primaryImageOfPage\":{\"@id\":\"https:\\\/\\\/www.legilaboris.cat\\\/ca\\\/el-nostre-equip-en-la-xii-jornada-de-dret-del-treball\\\/#primaryimage\"},\"image\":{\"@id\":\"https:\\\/\\\/www.legilaboris.cat\\\/ca\\\/el-nostre-equip-en-la-xii-jornada-de-dret-del-treball\\\/#primaryimage\"},\"thumbnailUrl\":\"https:\\\/\\\/www.legilaboris.cat\\\/wp-content\\\/uploads\\\/2025\\\/10\\\/xii-jornada-dret-del-treball_es-legi.webp\",\"datePublished\":\"2025-10-28T15:53:42+00:00\",\"dateModified\":\"2025-10-30T08:28:18+00:00\",\"author\":{\"@id\":\"https:\\\/\\\/www.legilaboris.cat\\\/ca\\\/#\\\/schema\\\/person\\\/29494601e443f6ade119889c0b481c3b\"},\"description\":\"Seguint la din\u00e0mica d'actualitzaci\u00f3 cont\u00ednua del nostre despatx, acudirem a la nova Jornada de Dret del Treball de la UOC.\",\"breadcrumb\":{\"@id\":\"https:\\\/\\\/www.legilaboris.cat\\\/ca\\\/el-nostre-equip-en-la-xii-jornada-de-dret-del-treball\\\/#breadcrumb\"},\"inLanguage\":\"ca\",\"potentialAction\":[{\"@type\":\"ReadAction\",\"target\":[\"https:\\\/\\\/www.legilaboris.cat\\\/ca\\\/el-nostre-equip-en-la-xii-jornada-de-dret-del-treball\\\/\"]}]},{\"@type\":\"ImageObject\",\"inLanguage\":\"ca\",\"@id\":\"https:\\\/\\\/www.legilaboris.cat\\\/ca\\\/el-nostre-equip-en-la-xii-jornada-de-dret-del-treball\\\/#primaryimage\",\"url\":\"https:\\\/\\\/www.legilaboris.cat\\\/wp-content\\\/uploads\\\/2025\\\/10\\\/xii-jornada-dret-del-treball_es-legi.webp\",\"contentUrl\":\"https:\\\/\\\/www.legilaboris.cat\\\/wp-content\\\/uploads\\\/2025\\\/10\\\/xii-jornada-dret-del-treball_es-legi.webp\",\"width\":1200,\"height\":675,\"caption\":\"jornada derecho del trabajo\"},{\"@type\":\"BreadcrumbList\",\"@id\":\"https:\\\/\\\/www.legilaboris.cat\\\/ca\\\/el-nostre-equip-en-la-xii-jornada-de-dret-del-treball\\\/#breadcrumb\",\"itemListElement\":[{\"@type\":\"ListItem\",\"position\":1,\"name\":\"Portada\",\"item\":\"https:\\\/\\\/www.legilaboris.cat\\\/ca\\\/\"},{\"@type\":\"ListItem\",\"position\":2,\"name\":\"El nostre equip, en la XII Jornada de Dret del Treball\"}]},{\"@type\":\"WebSite\",\"@id\":\"https:\\\/\\\/www.legilaboris.cat\\\/ca\\\/#website\",\"url\":\"https:\\\/\\\/www.legilaboris.cat\\\/ca\\\/\",\"name\":\"LEGI LABORIS ADVOCATS\",\"description\":\"Abogados especialistas en derecho laboral y seguridad social\",\"potentialAction\":[{\"@type\":\"SearchAction\",\"target\":{\"@type\":\"EntryPoint\",\"urlTemplate\":\"https:\\\/\\\/www.legilaboris.cat\\\/ca\\\/?s={search_term_string}\"},\"query-input\":{\"@type\":\"PropertyValueSpecification\",\"valueRequired\":true,\"valueName\":\"search_term_string\"}}],\"inLanguage\":\"ca\"},{\"@type\":\"Person\",\"@id\":\"https:\\\/\\\/www.legilaboris.cat\\\/ca\\\/#\\\/schema\\\/person\\\/29494601e443f6ade119889c0b481c3b\",\"name\":\"Marc\",\"image\":{\"@type\":\"ImageObject\",\"inLanguage\":\"ca\",\"@id\":\"https:\\\/\\\/secure.gravatar.com\\\/avatar\\\/fef11797106eebd87e55608f592d000015e317c0deacc10f31cddfda0f3b1640?s=96&d=mm&r=g\",\"url\":\"https:\\\/\\\/secure.gravatar.com\\\/avatar\\\/fef11797106eebd87e55608f592d000015e317c0deacc10f31cddfda0f3b1640?s=96&d=mm&r=g\",\"contentUrl\":\"https:\\\/\\\/secure.gravatar.com\\\/avatar\\\/fef11797106eebd87e55608f592d000015e317c0deacc10f31cddfda0f3b1640?s=96&d=mm&r=g\",\"caption\":\"Marc\"},\"sameAs\":[\"https:\\\/\\\/x.com\\\/legilab_admin\"],\"url\":\"https:\\\/\\\/www.legilaboris.cat\\\/ca\\\/author\\\/marc_ps\\\/\"}]}<\/script>\n<!-- \/ Yoast SEO plugin. -->","yoast_head_json":{"title":"El nostre equip, en la XII Jornada de Dret del Treball - LEGI LABORIS ADVOCATS","description":"Seguint la din\u00e0mica d'actualitzaci\u00f3 cont\u00ednua del nostre despatx, acudirem a la nova Jornada de Dret del Treball de la UOC.","robots":{"index":"index","follow":"follow","max-snippet":"max-snippet:-1","max-image-preview":"max-image-preview:large","max-video-preview":"max-video-preview:-1"},"canonical":"https:\/\/www.legilaboris.cat\/ca\/el-nostre-equip-en-la-xii-jornada-de-dret-del-treball\/","og_locale":"ca_ES","og_type":"article","og_title":"El nostre equip, en la XII Jornada de Dret del Treball - LEGI LABORIS ADVOCATS","og_description":"Seguint la din\u00e0mica d'actualitzaci\u00f3 cont\u00ednua del nostre despatx, acudirem a la nova Jornada de Dret del Treball de la UOC.","og_url":"https:\/\/www.legilaboris.cat\/ca\/el-nostre-equip-en-la-xii-jornada-de-dret-del-treball\/","og_site_name":"LEGI LABORIS ADVOCATS","article_published_time":"2025-10-28T15:53:42+00:00","article_modified_time":"2025-10-30T08:28:18+00:00","og_image":[{"width":1200,"height":675,"url":"https:\/\/www.legilaboris.cat\/wp-content\/uploads\/2025\/10\/xii-jornada-dret-del-treball_es-legi.webp","type":"image\/webp"}],"author":"Marc","twitter_card":"summary_large_image","twitter_creator":"@legilab_admin","schema":{"@context":"https:\/\/schema.org","@graph":[{"@type":"Article","@id":"https:\/\/www.legilaboris.cat\/ca\/el-nostre-equip-en-la-xii-jornada-de-dret-del-treball\/#article","isPartOf":{"@id":"https:\/\/www.legilaboris.cat\/ca\/el-nostre-equip-en-la-xii-jornada-de-dret-del-treball\/"},"author":{"name":"Marc","@id":"https:\/\/www.legilaboris.cat\/ca\/#\/schema\/person\/29494601e443f6ade119889c0b481c3b"},"headline":"El nostre equip, en la XII Jornada de Dret del Treball","datePublished":"2025-10-28T15:53:42+00:00","dateModified":"2025-10-30T08:28:18+00:00","mainEntityOfPage":{"@id":"https:\/\/www.legilaboris.cat\/ca\/el-nostre-equip-en-la-xii-jornada-de-dret-del-treball\/"},"wordCount":251,"image":{"@id":"https:\/\/www.legilaboris.cat\/ca\/el-nostre-equip-en-la-xii-jornada-de-dret-del-treball\/#primaryimage"},"thumbnailUrl":"https:\/\/www.legilaboris.cat\/wp-content\/uploads\/2025\/10\/xii-jornada-dret-del-treball_es-legi.webp","articleSection":["Not\u00ed\u00adcies"],"inLanguage":"ca"},{"@type":"WebPage","@id":"https:\/\/www.legilaboris.cat\/ca\/el-nostre-equip-en-la-xii-jornada-de-dret-del-treball\/","url":"https:\/\/www.legilaboris.cat\/ca\/el-nostre-equip-en-la-xii-jornada-de-dret-del-treball\/","name":"El nostre equip, en la XII Jornada de Dret del Treball - LEGI LABORIS ADVOCATS","isPartOf":{"@id":"https:\/\/www.legilaboris.cat\/ca\/#website"},"primaryImageOfPage":{"@id":"https:\/\/www.legilaboris.cat\/ca\/el-nostre-equip-en-la-xii-jornada-de-dret-del-treball\/#primaryimage"},"image":{"@id":"https:\/\/www.legilaboris.cat\/ca\/el-nostre-equip-en-la-xii-jornada-de-dret-del-treball\/#primaryimage"},"thumbnailUrl":"https:\/\/www.legilaboris.cat\/wp-content\/uploads\/2025\/10\/xii-jornada-dret-del-treball_es-legi.webp","datePublished":"2025-10-28T15:53:42+00:00","dateModified":"2025-10-30T08:28:18+00:00","author":{"@id":"https:\/\/www.legilaboris.cat\/ca\/#\/schema\/person\/29494601e443f6ade119889c0b481c3b"},"description":"Seguint la din\u00e0mica d'actualitzaci\u00f3 cont\u00ednua del nostre despatx, acudirem a la nova Jornada de Dret del Treball de la UOC.","breadcrumb":{"@id":"https:\/\/www.legilaboris.cat\/ca\/el-nostre-equip-en-la-xii-jornada-de-dret-del-treball\/#breadcrumb"},"inLanguage":"ca","potentialAction":[{"@type":"ReadAction","target":["https:\/\/www.legilaboris.cat\/ca\/el-nostre-equip-en-la-xii-jornada-de-dret-del-treball\/"]}]},{"@type":"ImageObject","inLanguage":"ca","@id":"https:\/\/www.legilaboris.cat\/ca\/el-nostre-equip-en-la-xii-jornada-de-dret-del-treball\/#primaryimage","url":"https:\/\/www.legilaboris.cat\/wp-content\/uploads\/2025\/10\/xii-jornada-dret-del-treball_es-legi.webp","contentUrl":"https:\/\/www.legilaboris.cat\/wp-content\/uploads\/2025\/10\/xii-jornada-dret-del-treball_es-legi.webp","width":1200,"height":675,"caption":"jornada derecho del trabajo"},{"@type":"BreadcrumbList","@id":"https:\/\/www.legilaboris.cat\/ca\/el-nostre-equip-en-la-xii-jornada-de-dret-del-treball\/#breadcrumb","itemListElement":[{"@type":"ListItem","position":1,"name":"Portada","item":"https:\/\/www.legilaboris.cat\/ca\/"},{"@type":"ListItem","position":2,"name":"El nostre equip, en la XII Jornada de Dret del Treball"}]},{"@type":"WebSite","@id":"https:\/\/www.legilaboris.cat\/ca\/#website","url":"https:\/\/www.legilaboris.cat\/ca\/","name":"LEGI LABORIS ADVOCATS","description":"Abogados especialistas en derecho laboral y seguridad social","potentialAction":[{"@type":"SearchAction","target":{"@type":"EntryPoint","urlTemplate":"https:\/\/www.legilaboris.cat\/ca\/?s={search_term_string}"},"query-input":{"@type":"PropertyValueSpecification","valueRequired":true,"valueName":"search_term_string"}}],"inLanguage":"ca"},{"@type":"Person","@id":"https:\/\/www.legilaboris.cat\/ca\/#\/schema\/person\/29494601e443f6ade119889c0b481c3b","name":"Marc","image":{"@type":"ImageObject","inLanguage":"ca","@id":"https:\/\/secure.gravatar.com\/avatar\/fef11797106eebd87e55608f592d000015e317c0deacc10f31cddfda0f3b1640?s=96&d=mm&r=g","url":"https:\/\/secure.gravatar.com\/avatar\/fef11797106eebd87e55608f592d000015e317c0deacc10f31cddfda0f3b1640?s=96&d=mm&r=g","contentUrl":"https:\/\/secure.gravatar.com\/avatar\/fef11797106eebd87e55608f592d000015e317c0deacc10f31cddfda0f3b1640?s=96&d=mm&r=g","caption":"Marc"},"sameAs":["https:\/\/x.com\/legilab_admin"],"url":"https:\/\/www.legilaboris.cat\/ca\/author\/marc_ps\/"}]}},"_links":{"self":[{"href":"https:\/\/www.legilaboris.cat\/ca\/wp-json\/wp\/v2\/posts\/2870","targetHints":{"allow":["GET"]}}],"collection":[{"href":"https:\/\/www.legilaboris.cat\/ca\/wp-json\/wp\/v2\/posts"}],"about":[{"href":"https:\/\/www.legilaboris.cat\/ca\/wp-json\/wp\/v2\/types\/post"}],"author":[{"embeddable":true,"href":"https:\/\/www.legilaboris.cat\/ca\/wp-json\/wp\/v2\/users\/2"}],"replies":[{"embeddable":true,"href":"https:\/\/www.legilaboris.cat\/ca\/wp-json\/wp\/v2\/comments?post=2870"}],"version-history":[{"count":4,"href":"https:\/\/www.legilaboris.cat\/ca\/wp-json\/wp\/v2\/posts\/2870\/revisions"}],"predecessor-version":[{"id":2902,"href":"https:\/\/www.legilaboris.cat\/ca\/wp-json\/wp\/v2\/posts\/2870\/revisions\/2902"}],"wp:featuredmedia":[{"embeddable":true,"href":"https:\/\/www.legilaboris.cat\/ca\/wp-json\/wp\/v2\/media\/2875"}],"wp:attachment":[{"href":"https:\/\/www.legilaboris.cat\/ca\/wp-json\/wp\/v2\/media?parent=2870"}],"wp:term":[{"taxonomy":"category","embeddable":true,"href":"https:\/\/www.legilaboris.cat\/ca\/wp-json\/wp\/v2\/categories?post=2870"},{"taxonomy":"post_tag","embeddable":true,"href":"https:\/\/www.legilaboris.cat\/ca\/wp-json\/wp\/v2\/tags?post=2870"}],"curies":[{"name":"wp","href":"https:\/\/api.w.org\/{rel}","templated":true}]}}