{"id":3193,"date":"2026-01-28T12:38:40","date_gmt":"2026-01-28T11:38:40","guid":{"rendered":"https:\/\/www.legilaboris.cat\/?p=3193"},"modified":"2026-01-30T10:39:45","modified_gmt":"2026-01-30T09:39:45","slug":"el-suprem-avala-la-compatibilitat-entre-les-pensions-dorfandat-i-incapacitat-un-nou-exit-de-legi-laboris","status":"publish","type":"post","link":"https:\/\/www.legilaboris.cat\/ca\/el-suprem-avala-la-compatibilitat-entre-les-pensions-dorfandat-i-incapacitat-un-nou-exit-de-legi-laboris\/","title":{"rendered":"El Suprem avala la compatibilitat entre les pensions d&#8217;orfandat i incapacitat: un nou \u00e8xit de LEGI LABORIS"},"content":{"rendered":"\t\t<div data-elementor-type=\"wp-post\" data-elementor-id=\"3193\" class=\"elementor elementor-3193 elementor-3192\" data-elementor-post-type=\"post\">\n\t\t\t\t<div class=\"elementor-element elementor-element-87008dc e-flex e-con-boxed e-con e-parent\" data-id=\"87008dc\" data-element_type=\"container\">\n\t\t\t\t\t<div class=\"e-con-inner\">\n\t\t\t\t<div class=\"elementor-element elementor-element-12ad51a1 elementor-widget elementor-widget-text-editor\" data-id=\"12ad51a1\" data-element_type=\"widget\" data-widget_type=\"text-editor.default\">\n\t\t\t\t<div class=\"elementor-widget-container\">\n\t\t\t\t\t\t\t\t\t<p style=\"text-align: center;\"><strong>El Tribunal Suprem ha dictat una sent\u00e8ncia de gran rellev\u00e0ncia en mat\u00e8ria de Seguretat Social que suposa un important avan\u00e7 per a les persones benefici\u00e0ries de pensi\u00f3 d&#8217;orfandat amb discapacitat. La resoluci\u00f3, obtinguda en un procediment dirigit per LEGI LABORIS, unifica doctrina i consolida una interpretaci\u00f3 m\u00e9s favorable a la persona de l&#8217;article 225.2 de la Llei General de la Seguretat Social (LGSS).<\/strong><\/p><h2>Una sent\u00e8ncia clau que canvia el criteri interpretatiu<\/h2><p>La sent\u00e8ncia n\u00fam. 1115\/2025, de 24 de novembre, dictada pel Ple de la Sala social del Tribunal Suprem, resol un recurs de cassaci\u00f3 per a la unificaci\u00f3 de doctrina interposat per l&#8217;Institut Nacional de la Seguretat Social (INSS). L&#8217;Alt Tribunal confirma \u00edntegrament les resolucions favorables obtingudes en primera inst\u00e0ncia i davant el Tribunal Superior de Just\u00edcia de Catalunya, totes dues promogudes per aquest despatx.<\/p><p>La discrep\u00e0ncia jur\u00eddica pivotava sobre determinar si una persona que percep una pensi\u00f3 d&#8217;orfandat per incapacitat pot compatibilitzar-la amb una pensi\u00f3 d&#8217;incapacitat permanent reconeguda amb posterioritat, quan ambdues <strong>porten causa d&#8217;una mateixa patologia de base<\/strong>.<\/p><h2>Qu\u00e8 diu el Tribunal Suprem<\/h2><p>L&#8217;article 225.2 LGSS exigeix, per a admetre la compatibilitat, que la incapacitat permanent derivi de \u00ablesions distintes\u00bb a les que van donar lloc a la pensi\u00f3 d&#8217;orfandat. Enfront d&#8217;una interpretaci\u00f3 estricta defensada per l&#8217;INSS \u2014que identifica lesi\u00f3 amb patologia\u2014, <strong>el Tribunal Suprem acull la tesi que anem sostenint des de LEGI LABORIS<\/strong>.<\/p><p>La sent\u00e8ncia aclareix que el concepte de \u00ablesi\u00f3\u00bb no es limita al diagn\u00f2stic m\u00e8dic, sin\u00f3 que ha d&#8217;entendre&#8217;s com el conjunt de limitacions i afectacions funcionals que pateix la persona. Quan existeix un <strong>canvi substancial i rellevant en aquesta situaci\u00f3 funcional, encara que la patologia d&#8217;origen sigui la mateixa, estem davant lesions distintes<\/strong> a efectes legals.<\/p><h2>El cas concret: de la incapacitat absoluta a la gran incapacitat<\/h2><p>El pronunciament del Suprem derivava d&#8217;un procediment en el qual la nostra clienta, treballadora en un centre especial d&#8217;ocupaci\u00f3, <strong>percebia des de 1993 una pensi\u00f3 d&#8217;orfandat per incapacitat<\/strong>. Anys despr\u00e9s, a conseq\u00fc\u00e8ncia d&#8217;una evoluci\u00f3 molt desfavorable del seu estat de salut, va ser declarada en situaci\u00f3 de gran incapacitat, en requerir ajuda d&#8217;una tercera persona per als actes essencials de la vida di\u00e0ria.<\/p><p>Malgrat aix\u00f2, l&#8217;INSS va denegar per via administrativa tant el reconeixement del grau de gran incapacitat com la compatibilitat entre totes dues prestacions, <strong>obligant la interessada a optar per una sola d&#8217;elles<\/strong>.<\/p><p>Des de LEGI LABORIS impugnem aquesta decisi\u00f3 i vam obtenir una sent\u00e8ncia estimat\u00f2ria del Jutjat social de Barcelona, <strong>confirmada despr\u00e9s pel Tribunal Superior de Just\u00edcia de Catalunya<\/strong>. L&#8217;INSS va rec\u00f3rrer novament davant el Tribunal Suprem, que ara <strong>desestima el seu recurs<\/strong> i confirma la compatibilitat de totes dues pensions.<\/p><h2>Una doctrina amb impacte real per a milers de persones<\/h2><p>La sent\u00e8ncia del Tribunal Suprem t\u00e9 un abast que va molt m\u00e9s enll\u00e0 del cas concret. En tractar-se d&#8217;una resoluci\u00f3 dictada en un procediment d&#8217;unificaci\u00f3 de doctrina, <strong>fixa un criteri que haur\u00e0 de ser aplicat per la resta de tribunals de l&#8217;ordre social<\/strong>.<\/p><p>Aix\u00f2 obre la porta al fet que <strong>moltes persones en situacions similars puguin reclamar la compatibilitat entre la pensi\u00f3 d&#8217;orfandat i la incapacitat permanent quan existeixi una evoluci\u00f3 substancial del seu estat funcional<\/strong>, encara que la patologia de base sigui la mateixa.<\/p><h3>Especialistes en compatibilitat de pensions<\/h3><p>En LEGI LABORIS treballem des de fa anys de manera especialitzada en procediments de compatibilitat de prestacions de Seguretat Social, amb un elevat percentatge de resolucions favorables. La nostra <strong>experi\u00e8ncia en aquest \u00e0mbit, especialment en col\u00b7laboraci\u00f3 amb fundacions i centres especials de treball<\/strong>, ens ha perm\u00e8s detectar la necessitat d&#8217;una interpretaci\u00f3 m\u00e9s ajustada a la realitat social i als principis de protecci\u00f3 del sistema.<\/p><p>La sent\u00e8ncia 1115\/2025 del Tribunal Suprem confirma que aquesta l\u00ednia de treball era jur\u00eddicament s\u00f2lida i refor\u00e7a el nostre comprom\u00eds amb la defensa dels drets de les persones amb discapacitat i les seves fam\u00edlies.<\/p><p><img fetchpriority=\"high\" decoding=\"async\" class=\"aligncenter wp-image-3202 size-full\" src=\"https:\/\/www.legilaboris.cat\/wp-content\/uploads\/2026\/01\/Diseno-sin-titulo-_39_.webp\" alt=\"COMPATIBILIDAD ORFANDAD INCAPACIDAD PERMANENTE\" width=\"1006\" height=\"536\" srcset=\"https:\/\/www.legilaboris.cat\/wp-content\/uploads\/2026\/01\/Diseno-sin-titulo-_39_.webp 1006w, https:\/\/www.legilaboris.cat\/wp-content\/uploads\/2026\/01\/Diseno-sin-titulo-_39_-300x160.webp 300w, https:\/\/www.legilaboris.cat\/wp-content\/uploads\/2026\/01\/Diseno-sin-titulo-_39_-768x409.webp 768w\" sizes=\"(max-width: 1006px) 100vw, 1006px\" \/><\/p><figure class=\"wp-block-gallery has-nested-images columns-2 is-cropped\"><\/figure>\t\t\t\t\t\t\t\t<\/div>\n\t\t\t\t<\/div>\n\t\t\t\t\t<\/div>\n\t\t\t\t<\/div>\n\t\t\t\t<\/div>\n\t\t","protected":false},"excerpt":{"rendered":"<p>La resoluci\u00f3, obtinguda en un procediment dirigit per LEGI LABORIS, unifica doctrina i consolida una interpretaci\u00f3 m\u00e9s favorable a la persona de l&#8217;article 225.2 de la Llei General de la Seguretat Social (LGSS).<\/p>\n","protected":false},"author":2,"featured_media":3200,"comment_status":"closed","ping_status":"closed","sticky":false,"template":"","format":"standard","meta":{"_acf_changed":false,"footnotes":""},"categories":[22],"tags":[],"class_list":["post-3193","post","type-post","status-publish","format-standard","has-post-thumbnail","hentry","category-noticies"],"acf":[],"yoast_head":"<!-- This site is optimized with the Yoast SEO plugin v27.4 - https:\/\/yoast.com\/product\/yoast-seo-wordpress\/ -->\n<title>Compatibilitat entre pensions: nou \u00e8xit de LEGI LABORIS<\/title>\n<meta name=\"description\" content=\"Enfront d&#039;una interpretaci\u00f3 estricta defensada per l&#039;INSS, el Tribunal Suprem acull la tesi que anem sostenint des de LEGI LABORIS.\" \/>\n<meta name=\"robots\" content=\"index, follow, max-snippet:-1, max-image-preview:large, max-video-preview:-1\" \/>\n<link rel=\"canonical\" href=\"https:\/\/www.legilaboris.cat\/ca\/el-suprem-avala-la-compatibilitat-entre-les-pensions-dorfandat-i-incapacitat-un-nou-exit-de-legi-laboris\/\" \/>\n<meta property=\"og:locale\" content=\"ca_ES\" \/>\n<meta property=\"og:type\" content=\"article\" \/>\n<meta property=\"og:title\" content=\"Compatibilitat entre pensions: nou \u00e8xit de LEGI LABORIS\" \/>\n<meta property=\"og:description\" content=\"Enfront d&#039;una interpretaci\u00f3 estricta defensada per l&#039;INSS, el Tribunal Suprem acull la tesi que anem sostenint des de LEGI LABORIS.\" \/>\n<meta property=\"og:url\" content=\"https:\/\/www.legilaboris.cat\/ca\/el-suprem-avala-la-compatibilitat-entre-les-pensions-dorfandat-i-incapacitat-un-nou-exit-de-legi-laboris\/\" \/>\n<meta property=\"og:site_name\" content=\"LEGI LABORIS ADVOCATS\" \/>\n<meta property=\"article:published_time\" content=\"2026-01-28T11:38:40+00:00\" \/>\n<meta property=\"article:modified_time\" content=\"2026-01-30T09:39:45+00:00\" \/>\n<meta property=\"og:image\" content=\"https:\/\/www.legilaboris.cat\/wp-content\/uploads\/2026\/01\/Diseno-sin-titulo-_38_.webp\" \/>\n\t<meta property=\"og:image:width\" content=\"1006\" \/>\n\t<meta property=\"og:image:height\" content=\"536\" \/>\n\t<meta property=\"og:image:type\" content=\"image\/webp\" \/>\n<meta name=\"author\" content=\"Marc\" \/>\n<meta name=\"twitter:card\" content=\"summary_large_image\" \/>\n<meta name=\"twitter:creator\" content=\"@legilab_admin\" \/>\n<script type=\"application\/ld+json\" class=\"yoast-schema-graph\">{\"@context\":\"https:\\\/\\\/schema.org\",\"@graph\":[{\"@type\":\"Article\",\"@id\":\"https:\\\/\\\/www.legilaboris.cat\\\/ca\\\/el-suprem-avala-la-compatibilitat-entre-les-pensions-dorfandat-i-incapacitat-un-nou-exit-de-legi-laboris\\\/#article\",\"isPartOf\":{\"@id\":\"https:\\\/\\\/www.legilaboris.cat\\\/ca\\\/el-suprem-avala-la-compatibilitat-entre-les-pensions-dorfandat-i-incapacitat-un-nou-exit-de-legi-laboris\\\/\"},\"author\":{\"name\":\"Marc\",\"@id\":\"https:\\\/\\\/www.legilaboris.cat\\\/ca\\\/#\\\/schema\\\/person\\\/29494601e443f6ade119889c0b481c3b\"},\"headline\":\"El Suprem avala la compatibilitat entre les pensions d&#8217;orfandat i incapacitat: un nou \u00e8xit de LEGI LABORIS\",\"datePublished\":\"2026-01-28T11:38:40+00:00\",\"dateModified\":\"2026-01-30T09:39:45+00:00\",\"mainEntityOfPage\":{\"@id\":\"https:\\\/\\\/www.legilaboris.cat\\\/ca\\\/el-suprem-avala-la-compatibilitat-entre-les-pensions-dorfandat-i-incapacitat-un-nou-exit-de-legi-laboris\\\/\"},\"wordCount\":683,\"image\":{\"@id\":\"https:\\\/\\\/www.legilaboris.cat\\\/ca\\\/el-suprem-avala-la-compatibilitat-entre-les-pensions-dorfandat-i-incapacitat-un-nou-exit-de-legi-laboris\\\/#primaryimage\"},\"thumbnailUrl\":\"https:\\\/\\\/www.legilaboris.cat\\\/wp-content\\\/uploads\\\/2026\\\/01\\\/Diseno-sin-titulo-_38_.webp\",\"articleSection\":[\"Not\u00ed\u00adcies\"],\"inLanguage\":\"ca\"},{\"@type\":\"WebPage\",\"@id\":\"https:\\\/\\\/www.legilaboris.cat\\\/ca\\\/el-suprem-avala-la-compatibilitat-entre-les-pensions-dorfandat-i-incapacitat-un-nou-exit-de-legi-laboris\\\/\",\"url\":\"https:\\\/\\\/www.legilaboris.cat\\\/ca\\\/el-suprem-avala-la-compatibilitat-entre-les-pensions-dorfandat-i-incapacitat-un-nou-exit-de-legi-laboris\\\/\",\"name\":\"Compatibilitat entre pensions: nou \u00e8xit de LEGI LABORIS\",\"isPartOf\":{\"@id\":\"https:\\\/\\\/www.legilaboris.cat\\\/ca\\\/#website\"},\"primaryImageOfPage\":{\"@id\":\"https:\\\/\\\/www.legilaboris.cat\\\/ca\\\/el-suprem-avala-la-compatibilitat-entre-les-pensions-dorfandat-i-incapacitat-un-nou-exit-de-legi-laboris\\\/#primaryimage\"},\"image\":{\"@id\":\"https:\\\/\\\/www.legilaboris.cat\\\/ca\\\/el-suprem-avala-la-compatibilitat-entre-les-pensions-dorfandat-i-incapacitat-un-nou-exit-de-legi-laboris\\\/#primaryimage\"},\"thumbnailUrl\":\"https:\\\/\\\/www.legilaboris.cat\\\/wp-content\\\/uploads\\\/2026\\\/01\\\/Diseno-sin-titulo-_38_.webp\",\"datePublished\":\"2026-01-28T11:38:40+00:00\",\"dateModified\":\"2026-01-30T09:39:45+00:00\",\"author\":{\"@id\":\"https:\\\/\\\/www.legilaboris.cat\\\/ca\\\/#\\\/schema\\\/person\\\/29494601e443f6ade119889c0b481c3b\"},\"description\":\"Enfront d'una interpretaci\u00f3 estricta defensada per l'INSS, el Tribunal Suprem acull la tesi que anem sostenint des de LEGI LABORIS.\",\"breadcrumb\":{\"@id\":\"https:\\\/\\\/www.legilaboris.cat\\\/ca\\\/el-suprem-avala-la-compatibilitat-entre-les-pensions-dorfandat-i-incapacitat-un-nou-exit-de-legi-laboris\\\/#breadcrumb\"},\"inLanguage\":\"ca\",\"potentialAction\":[{\"@type\":\"ReadAction\",\"target\":[\"https:\\\/\\\/www.legilaboris.cat\\\/ca\\\/el-suprem-avala-la-compatibilitat-entre-les-pensions-dorfandat-i-incapacitat-un-nou-exit-de-legi-laboris\\\/\"]}]},{\"@type\":\"ImageObject\",\"inLanguage\":\"ca\",\"@id\":\"https:\\\/\\\/www.legilaboris.cat\\\/ca\\\/el-suprem-avala-la-compatibilitat-entre-les-pensions-dorfandat-i-incapacitat-un-nou-exit-de-legi-laboris\\\/#primaryimage\",\"url\":\"https:\\\/\\\/www.legilaboris.cat\\\/wp-content\\\/uploads\\\/2026\\\/01\\\/Diseno-sin-titulo-_38_.webp\",\"contentUrl\":\"https:\\\/\\\/www.legilaboris.cat\\\/wp-content\\\/uploads\\\/2026\\\/01\\\/Diseno-sin-titulo-_38_.webp\",\"width\":1006,\"height\":536,\"caption\":\"El Supremo avala la compatibilidad entre la pensiones de orfandad e incapacidad: un nuevo \u00e9xito de LEGI LABORIS\"},{\"@type\":\"BreadcrumbList\",\"@id\":\"https:\\\/\\\/www.legilaboris.cat\\\/ca\\\/el-suprem-avala-la-compatibilitat-entre-les-pensions-dorfandat-i-incapacitat-un-nou-exit-de-legi-laboris\\\/#breadcrumb\",\"itemListElement\":[{\"@type\":\"ListItem\",\"position\":1,\"name\":\"Portada\",\"item\":\"https:\\\/\\\/www.legilaboris.cat\\\/ca\\\/\"},{\"@type\":\"ListItem\",\"position\":2,\"name\":\"El Suprem avala la compatibilitat entre les pensions d&#8217;orfandat i incapacitat: un nou \u00e8xit de LEGI LABORIS\"}]},{\"@type\":\"WebSite\",\"@id\":\"https:\\\/\\\/www.legilaboris.cat\\\/ca\\\/#website\",\"url\":\"https:\\\/\\\/www.legilaboris.cat\\\/ca\\\/\",\"name\":\"LEGI LABORIS ADVOCATS\",\"description\":\"Abogados especialistas en derecho laboral y seguridad social\",\"potentialAction\":[{\"@type\":\"SearchAction\",\"target\":{\"@type\":\"EntryPoint\",\"urlTemplate\":\"https:\\\/\\\/www.legilaboris.cat\\\/ca\\\/?s={search_term_string}\"},\"query-input\":{\"@type\":\"PropertyValueSpecification\",\"valueRequired\":true,\"valueName\":\"search_term_string\"}}],\"inLanguage\":\"ca\"},{\"@type\":\"Person\",\"@id\":\"https:\\\/\\\/www.legilaboris.cat\\\/ca\\\/#\\\/schema\\\/person\\\/29494601e443f6ade119889c0b481c3b\",\"name\":\"Marc\",\"image\":{\"@type\":\"ImageObject\",\"inLanguage\":\"ca\",\"@id\":\"https:\\\/\\\/secure.gravatar.com\\\/avatar\\\/fef11797106eebd87e55608f592d000015e317c0deacc10f31cddfda0f3b1640?s=96&d=mm&r=g\",\"url\":\"https:\\\/\\\/secure.gravatar.com\\\/avatar\\\/fef11797106eebd87e55608f592d000015e317c0deacc10f31cddfda0f3b1640?s=96&d=mm&r=g\",\"contentUrl\":\"https:\\\/\\\/secure.gravatar.com\\\/avatar\\\/fef11797106eebd87e55608f592d000015e317c0deacc10f31cddfda0f3b1640?s=96&d=mm&r=g\",\"caption\":\"Marc\"},\"sameAs\":[\"https:\\\/\\\/x.com\\\/legilab_admin\"],\"url\":\"https:\\\/\\\/www.legilaboris.cat\\\/ca\\\/author\\\/marc_ps\\\/\"}]}<\/script>\n<!-- \/ Yoast SEO plugin. -->","yoast_head_json":{"title":"Compatibilitat entre pensions: nou \u00e8xit de LEGI LABORIS","description":"Enfront d'una interpretaci\u00f3 estricta defensada per l'INSS, el Tribunal Suprem acull la tesi que anem sostenint des de LEGI LABORIS.","robots":{"index":"index","follow":"follow","max-snippet":"max-snippet:-1","max-image-preview":"max-image-preview:large","max-video-preview":"max-video-preview:-1"},"canonical":"https:\/\/www.legilaboris.cat\/ca\/el-suprem-avala-la-compatibilitat-entre-les-pensions-dorfandat-i-incapacitat-un-nou-exit-de-legi-laboris\/","og_locale":"ca_ES","og_type":"article","og_title":"Compatibilitat entre pensions: nou \u00e8xit de LEGI LABORIS","og_description":"Enfront d'una interpretaci\u00f3 estricta defensada per l'INSS, el Tribunal Suprem acull la tesi que anem sostenint des de LEGI LABORIS.","og_url":"https:\/\/www.legilaboris.cat\/ca\/el-suprem-avala-la-compatibilitat-entre-les-pensions-dorfandat-i-incapacitat-un-nou-exit-de-legi-laboris\/","og_site_name":"LEGI LABORIS ADVOCATS","article_published_time":"2026-01-28T11:38:40+00:00","article_modified_time":"2026-01-30T09:39:45+00:00","og_image":[{"width":1006,"height":536,"url":"https:\/\/www.legilaboris.cat\/wp-content\/uploads\/2026\/01\/Diseno-sin-titulo-_38_.webp","type":"image\/webp"}],"author":"Marc","twitter_card":"summary_large_image","twitter_creator":"@legilab_admin","schema":{"@context":"https:\/\/schema.org","@graph":[{"@type":"Article","@id":"https:\/\/www.legilaboris.cat\/ca\/el-suprem-avala-la-compatibilitat-entre-les-pensions-dorfandat-i-incapacitat-un-nou-exit-de-legi-laboris\/#article","isPartOf":{"@id":"https:\/\/www.legilaboris.cat\/ca\/el-suprem-avala-la-compatibilitat-entre-les-pensions-dorfandat-i-incapacitat-un-nou-exit-de-legi-laboris\/"},"author":{"name":"Marc","@id":"https:\/\/www.legilaboris.cat\/ca\/#\/schema\/person\/29494601e443f6ade119889c0b481c3b"},"headline":"El Suprem avala la compatibilitat entre les pensions d&#8217;orfandat i incapacitat: un nou \u00e8xit de LEGI LABORIS","datePublished":"2026-01-28T11:38:40+00:00","dateModified":"2026-01-30T09:39:45+00:00","mainEntityOfPage":{"@id":"https:\/\/www.legilaboris.cat\/ca\/el-suprem-avala-la-compatibilitat-entre-les-pensions-dorfandat-i-incapacitat-un-nou-exit-de-legi-laboris\/"},"wordCount":683,"image":{"@id":"https:\/\/www.legilaboris.cat\/ca\/el-suprem-avala-la-compatibilitat-entre-les-pensions-dorfandat-i-incapacitat-un-nou-exit-de-legi-laboris\/#primaryimage"},"thumbnailUrl":"https:\/\/www.legilaboris.cat\/wp-content\/uploads\/2026\/01\/Diseno-sin-titulo-_38_.webp","articleSection":["Not\u00ed\u00adcies"],"inLanguage":"ca"},{"@type":"WebPage","@id":"https:\/\/www.legilaboris.cat\/ca\/el-suprem-avala-la-compatibilitat-entre-les-pensions-dorfandat-i-incapacitat-un-nou-exit-de-legi-laboris\/","url":"https:\/\/www.legilaboris.cat\/ca\/el-suprem-avala-la-compatibilitat-entre-les-pensions-dorfandat-i-incapacitat-un-nou-exit-de-legi-laboris\/","name":"Compatibilitat entre pensions: nou \u00e8xit de LEGI LABORIS","isPartOf":{"@id":"https:\/\/www.legilaboris.cat\/ca\/#website"},"primaryImageOfPage":{"@id":"https:\/\/www.legilaboris.cat\/ca\/el-suprem-avala-la-compatibilitat-entre-les-pensions-dorfandat-i-incapacitat-un-nou-exit-de-legi-laboris\/#primaryimage"},"image":{"@id":"https:\/\/www.legilaboris.cat\/ca\/el-suprem-avala-la-compatibilitat-entre-les-pensions-dorfandat-i-incapacitat-un-nou-exit-de-legi-laboris\/#primaryimage"},"thumbnailUrl":"https:\/\/www.legilaboris.cat\/wp-content\/uploads\/2026\/01\/Diseno-sin-titulo-_38_.webp","datePublished":"2026-01-28T11:38:40+00:00","dateModified":"2026-01-30T09:39:45+00:00","author":{"@id":"https:\/\/www.legilaboris.cat\/ca\/#\/schema\/person\/29494601e443f6ade119889c0b481c3b"},"description":"Enfront d'una interpretaci\u00f3 estricta defensada per l'INSS, el Tribunal Suprem acull la tesi que anem sostenint des de LEGI LABORIS.","breadcrumb":{"@id":"https:\/\/www.legilaboris.cat\/ca\/el-suprem-avala-la-compatibilitat-entre-les-pensions-dorfandat-i-incapacitat-un-nou-exit-de-legi-laboris\/#breadcrumb"},"inLanguage":"ca","potentialAction":[{"@type":"ReadAction","target":["https:\/\/www.legilaboris.cat\/ca\/el-suprem-avala-la-compatibilitat-entre-les-pensions-dorfandat-i-incapacitat-un-nou-exit-de-legi-laboris\/"]}]},{"@type":"ImageObject","inLanguage":"ca","@id":"https:\/\/www.legilaboris.cat\/ca\/el-suprem-avala-la-compatibilitat-entre-les-pensions-dorfandat-i-incapacitat-un-nou-exit-de-legi-laboris\/#primaryimage","url":"https:\/\/www.legilaboris.cat\/wp-content\/uploads\/2026\/01\/Diseno-sin-titulo-_38_.webp","contentUrl":"https:\/\/www.legilaboris.cat\/wp-content\/uploads\/2026\/01\/Diseno-sin-titulo-_38_.webp","width":1006,"height":536,"caption":"El Supremo avala la compatibilidad entre la pensiones de orfandad e incapacidad: un nuevo \u00e9xito de LEGI LABORIS"},{"@type":"BreadcrumbList","@id":"https:\/\/www.legilaboris.cat\/ca\/el-suprem-avala-la-compatibilitat-entre-les-pensions-dorfandat-i-incapacitat-un-nou-exit-de-legi-laboris\/#breadcrumb","itemListElement":[{"@type":"ListItem","position":1,"name":"Portada","item":"https:\/\/www.legilaboris.cat\/ca\/"},{"@type":"ListItem","position":2,"name":"El Suprem avala la compatibilitat entre les pensions d&#8217;orfandat i incapacitat: un nou \u00e8xit de LEGI LABORIS"}]},{"@type":"WebSite","@id":"https:\/\/www.legilaboris.cat\/ca\/#website","url":"https:\/\/www.legilaboris.cat\/ca\/","name":"LEGI LABORIS ADVOCATS","description":"Abogados especialistas en derecho laboral y seguridad social","potentialAction":[{"@type":"SearchAction","target":{"@type":"EntryPoint","urlTemplate":"https:\/\/www.legilaboris.cat\/ca\/?s={search_term_string}"},"query-input":{"@type":"PropertyValueSpecification","valueRequired":true,"valueName":"search_term_string"}}],"inLanguage":"ca"},{"@type":"Person","@id":"https:\/\/www.legilaboris.cat\/ca\/#\/schema\/person\/29494601e443f6ade119889c0b481c3b","name":"Marc","image":{"@type":"ImageObject","inLanguage":"ca","@id":"https:\/\/secure.gravatar.com\/avatar\/fef11797106eebd87e55608f592d000015e317c0deacc10f31cddfda0f3b1640?s=96&d=mm&r=g","url":"https:\/\/secure.gravatar.com\/avatar\/fef11797106eebd87e55608f592d000015e317c0deacc10f31cddfda0f3b1640?s=96&d=mm&r=g","contentUrl":"https:\/\/secure.gravatar.com\/avatar\/fef11797106eebd87e55608f592d000015e317c0deacc10f31cddfda0f3b1640?s=96&d=mm&r=g","caption":"Marc"},"sameAs":["https:\/\/x.com\/legilab_admin"],"url":"https:\/\/www.legilaboris.cat\/ca\/author\/marc_ps\/"}]}},"_links":{"self":[{"href":"https:\/\/www.legilaboris.cat\/ca\/wp-json\/wp\/v2\/posts\/3193","targetHints":{"allow":["GET"]}}],"collection":[{"href":"https:\/\/www.legilaboris.cat\/ca\/wp-json\/wp\/v2\/posts"}],"about":[{"href":"https:\/\/www.legilaboris.cat\/ca\/wp-json\/wp\/v2\/types\/post"}],"author":[{"embeddable":true,"href":"https:\/\/www.legilaboris.cat\/ca\/wp-json\/wp\/v2\/users\/2"}],"replies":[{"embeddable":true,"href":"https:\/\/www.legilaboris.cat\/ca\/wp-json\/wp\/v2\/comments?post=3193"}],"version-history":[{"count":7,"href":"https:\/\/www.legilaboris.cat\/ca\/wp-json\/wp\/v2\/posts\/3193\/revisions"}],"predecessor-version":[{"id":3214,"href":"https:\/\/www.legilaboris.cat\/ca\/wp-json\/wp\/v2\/posts\/3193\/revisions\/3214"}],"wp:featuredmedia":[{"embeddable":true,"href":"https:\/\/www.legilaboris.cat\/ca\/wp-json\/wp\/v2\/media\/3200"}],"wp:attachment":[{"href":"https:\/\/www.legilaboris.cat\/ca\/wp-json\/wp\/v2\/media?parent=3193"}],"wp:term":[{"taxonomy":"category","embeddable":true,"href":"https:\/\/www.legilaboris.cat\/ca\/wp-json\/wp\/v2\/categories?post=3193"},{"taxonomy":"post_tag","embeddable":true,"href":"https:\/\/www.legilaboris.cat\/ca\/wp-json\/wp\/v2\/tags?post=3193"}],"curies":[{"name":"wp","href":"https:\/\/api.w.org\/{rel}","templated":true}]}}